{"id":678,"date":"2026-01-16T17:07:20","date_gmt":"2026-01-16T17:07:20","guid":{"rendered":"https:\/\/judo-tg04.de\/?p=678"},"modified":"2026-01-16T17:07:20","modified_gmt":"2026-01-16T17:07:20","slug":"guertelpruefung-zum-jahresende-am-11-12","status":"publish","type":"post","link":"https:\/\/judo-tg04.de\/index.php\/2026\/01\/16\/guertelpruefung-zum-jahresende-am-11-12\/","title":{"rendered":"G\u00fcrtelpr\u00fcfung zum Jahresende am 11.12."},"content":{"rendered":"\n<p>Traditionell findet zum Jahresende eine G\u00fcrtelpr\u00fcfung statt, bei der alle, die das Jahr \u00fcber flei\u00dfig trainiert haben, die n\u00e4chste G\u00fcrtelstufe erwerben k\u00f6nnen. Als erstes waren um 17:00 Uhr unsere neuen Mitglieder dran: 10 Kinder, die erst im September mit Judo begonnen hatten, konnten eine Falltechnik, einen Wurf und eine Haltetechnik zeigen und erkl\u00e4ren, was im Judo wichtig ist: Gemeinsames Lernen und K\u00e4mpfen mit H\u00f6flichkeit, Respekt und Wertsch\u00e4tzung f\u00fcr die Trainingspartner. Daf\u00fcr erhielten sie alle den wei\u00df-gelben G\u00fcrtel. Um 18:00 Uhr waren dann unsere fortgeschrittenen Judoka dran: Unter den kritischen Augen von Pr\u00fcferin Monika Birk und Trainerin Jana F\u00f6rtsch bestanden erfolgreich: Mattis Forrer die Pr\u00fcfung zum orange-gr\u00fcnen G\u00fcrtel, Niclas Noack, Simon Weber, Maxim und Alexis W\u00fcrtz zum orangen G\u00fcrtel, Paula Sch\u00f6mer und Yasin Naser zum gelb-orangen G\u00fcrtel und Mischa Leshehyk und Alexander Zimmermann zum gelben G\u00fcrtel. Das n\u00e4chste Probetraining f\u00fcr alle ab 6,5 Jahre findet im 1. Quartal 2026 statt. Anmeldung und Infos unter judo-tg04.de.<\/p>\n\n\n\n<figure class=\"wp-block-image size-large\"><img loading=\"lazy\" decoding=\"async\" width=\"1024\" height=\"577\" src=\"https:\/\/judo-tg04.de\/wp-content\/uploads\/2026\/01\/20251211_191622-1024x577.jpg\" alt=\"\" class=\"wp-image-680\" srcset=\"https:\/\/judo-tg04.de\/wp-content\/uploads\/2026\/01\/20251211_191622-1024x577.jpg 1024w, https:\/\/judo-tg04.de\/wp-content\/uploads\/2026\/01\/20251211_191622-300x169.jpg 300w, https:\/\/judo-tg04.de\/wp-content\/uploads\/2026\/01\/20251211_191622-768x432.jpg 768w, https:\/\/judo-tg04.de\/wp-content\/uploads\/2026\/01\/20251211_191622-1536x865.jpg 1536w, https:\/\/judo-tg04.de\/wp-content\/uploads\/2026\/01\/20251211_191622-2048x1153.jpg 2048w, https:\/\/judo-tg04.de\/wp-content\/uploads\/2026\/01\/20251211_191622-1870x1053.jpg 1870w, https:\/\/judo-tg04.de\/wp-content\/uploads\/2026\/01\/20251211_191622-400x225.jpg 400w, https:\/\/judo-tg04.de\/wp-content\/uploads\/2026\/01\/20251211_191622-800x451.jpg 800w\" sizes=\"auto, (max-width: 1024px) 100vw, 1024px\" \/><\/figure>\n","protected":false},"excerpt":{"rendered":"<p>Traditionell findet zum Jahresende eine G\u00fcrtelpr\u00fcfung statt, bei der alle, die das Jahr \u00fcber flei\u00dfig trainiert haben, die n\u00e4chste G\u00fcrtelstufe erwerben k\u00f6nnen. Als erstes waren um 17:00 Uhr unsere neuen Mitglieder dran: 10 Kinder, die erst im September mit Judo begonnen hatten, konnten eine Falltechnik, einen Wurf und eine Haltetechnik zeigen und erkl\u00e4ren, was im [&hellip;]<\/p>\n","protected":false},"author":2,"featured_media":679,"comment_status":"closed","ping_status":"closed","sticky":false,"template":"","format":"standard","meta":{"footnotes":""},"categories":[11],"tags":[],"class_list":["post-678","post","type-post","status-publish","format-standard","has-post-thumbnail","hentry","category-guertelpruefung","has-thumbnail"],"_links":{"self":[{"href":"https:\/\/judo-tg04.de\/index.php\/wp-json\/wp\/v2\/posts\/678","targetHints":{"allow":["GET"]}}],"collection":[{"href":"https:\/\/judo-tg04.de\/index.php\/wp-json\/wp\/v2\/posts"}],"about":[{"href":"https:\/\/judo-tg04.de\/index.php\/wp-json\/wp\/v2\/types\/post"}],"author":[{"embeddable":true,"href":"https:\/\/judo-tg04.de\/index.php\/wp-json\/wp\/v2\/users\/2"}],"replies":[{"embeddable":true,"href":"https:\/\/judo-tg04.de\/index.php\/wp-json\/wp\/v2\/comments?post=678"}],"version-history":[{"count":1,"href":"https:\/\/judo-tg04.de\/index.php\/wp-json\/wp\/v2\/posts\/678\/revisions"}],"predecessor-version":[{"id":681,"href":"https:\/\/judo-tg04.de\/index.php\/wp-json\/wp\/v2\/posts\/678\/revisions\/681"}],"wp:featuredmedia":[{"embeddable":true,"href":"https:\/\/judo-tg04.de\/index.php\/wp-json\/wp\/v2\/media\/679"}],"wp:attachment":[{"href":"https:\/\/judo-tg04.de\/index.php\/wp-json\/wp\/v2\/media?parent=678"}],"wp:term":[{"taxonomy":"category","embeddable":true,"href":"https:\/\/judo-tg04.de\/index.php\/wp-json\/wp\/v2\/categories?post=678"},{"taxonomy":"post_tag","embeddable":true,"href":"https:\/\/judo-tg04.de\/index.php\/wp-json\/wp\/v2\/tags?post=678"}],"curies":[{"name":"wp","href":"https:\/\/api.w.org\/{rel}","templated":true}]}}