{"id":672,"date":"2026-01-16T17:04:43","date_gmt":"2026-01-16T17:04:43","guid":{"rendered":"https:\/\/judo-tg04.de\/?p=672"},"modified":"2026-01-16T17:04:43","modified_gmt":"2026-01-16T17:04:43","slug":"judoka-erfolgreich-beim-nils-nager-turnier","status":"publish","type":"post","link":"https:\/\/judo-tg04.de\/index.php\/2026\/01\/16\/judoka-erfolgreich-beim-nils-nager-turnier\/","title":{"rendered":"Judoka erfolgreich beim Nils Nager Turnier"},"content":{"rendered":"\n<p>Am letzten Sonntag fuhren 7 Judoka zum Rheinland \u2013 Pf\u00e4lzischen &nbsp;&nbsp;Nils Nager Turnier nach Zweibr\u00fccken. Auch viele bekannte Gesichter aus den anderen Vereinen unserer Region waren anwesend und so wurde sich ausgetauscht, zusammen aufgew\u00e4rmt und anschlie\u00dfend in spannenden K\u00e4mpfen gemessen. Jeder durfte mindestens drei K\u00e4mpfe bestreiten. In Spannung kaum zu \u00fcberbieten war der Kampf zwischen Mira Degler aus unserer Judogruppe und Leonie Niewoudt aus Bad D\u00fcrkheim, die den Kampf nach vielen sch\u00f6nen W\u00fcrfen auf beiden Seiten denkbar knapp in letzter Sekunde mit 19 zu 20 Punkten noch f\u00fcr sich entschied. Mira gewann aber ihre beiden weiteren K\u00e4mpfe und erreichte damit den 2. Platz in ihrer Gewichts- und Altersgruppe U13. Auch Yasin Naser, Maxim W\u00fcrtz, Niclas Noack (alle U11) und Meliodas Courtois (U13) konnten jeweils 2 K\u00e4mpfe f\u00fcr sich entscheiden und ebenfalls eine Silbermedaille gewinnen. Noch erfolgreicher waren Mattis Forrer und Bruno R\u00f6der, die alle ihre K\u00e4mpfe gewannen und strahlend ganz oben auf dem Treppchen standen.<\/p>\n\n\n\n<p><strong>Die Judoabteilung hat Verst\u00e4rkung bekommen<\/strong><\/p>\n\n\n\n<p>Nach Abschluss des 4- w\u00f6chigen Probetrainings vor den Herbstferien begr\u00fc\u00dfen wir 15 neue Judoka im Alter von 6 bis 10 Jahren in unserer Judogruppe! Sie trainieren bereits flei\u00dfig f\u00fcr ihre erste G\u00fcrtelpr\u00fcfung im Dezember. Das n\u00e4chste Probetraining beginnt im 1. Quartal 2026, Anmeldung bitte \u00fcber https:\/\/judo-tg04.de\/.<\/p>\n","protected":false},"excerpt":{"rendered":"<p>Am letzten Sonntag fuhren 7 Judoka zum Rheinland \u2013 Pf\u00e4lzischen &nbsp;&nbsp;Nils Nager Turnier nach Zweibr\u00fccken. Auch viele bekannte Gesichter aus den anderen Vereinen unserer Region waren anwesend und so wurde sich ausgetauscht, zusammen aufgew\u00e4rmt und anschlie\u00dfend in spannenden K\u00e4mpfen gemessen. Jeder durfte mindestens drei K\u00e4mpfe bestreiten. In Spannung kaum zu \u00fcberbieten war der Kampf zwischen [&hellip;]<\/p>\n","protected":false},"author":2,"featured_media":673,"comment_status":"closed","ping_status":"closed","sticky":false,"template":"","format":"standard","meta":{"footnotes":""},"categories":[9],"tags":[],"class_list":["post-672","post","type-post","status-publish","format-standard","has-post-thumbnail","hentry","category-tg04","has-thumbnail"],"_links":{"self":[{"href":"https:\/\/judo-tg04.de\/index.php\/wp-json\/wp\/v2\/posts\/672","targetHints":{"allow":["GET"]}}],"collection":[{"href":"https:\/\/judo-tg04.de\/index.php\/wp-json\/wp\/v2\/posts"}],"about":[{"href":"https:\/\/judo-tg04.de\/index.php\/wp-json\/wp\/v2\/types\/post"}],"author":[{"embeddable":true,"href":"https:\/\/judo-tg04.de\/index.php\/wp-json\/wp\/v2\/users\/2"}],"replies":[{"embeddable":true,"href":"https:\/\/judo-tg04.de\/index.php\/wp-json\/wp\/v2\/comments?post=672"}],"version-history":[{"count":1,"href":"https:\/\/judo-tg04.de\/index.php\/wp-json\/wp\/v2\/posts\/672\/revisions"}],"predecessor-version":[{"id":674,"href":"https:\/\/judo-tg04.de\/index.php\/wp-json\/wp\/v2\/posts\/672\/revisions\/674"}],"wp:featuredmedia":[{"embeddable":true,"href":"https:\/\/judo-tg04.de\/index.php\/wp-json\/wp\/v2\/media\/673"}],"wp:attachment":[{"href":"https:\/\/judo-tg04.de\/index.php\/wp-json\/wp\/v2\/media?parent=672"}],"wp:term":[{"taxonomy":"category","embeddable":true,"href":"https:\/\/judo-tg04.de\/index.php\/wp-json\/wp\/v2\/categories?post=672"},{"taxonomy":"post_tag","embeddable":true,"href":"https:\/\/judo-tg04.de\/index.php\/wp-json\/wp\/v2\/tags?post=672"}],"curies":[{"name":"wp","href":"https:\/\/api.w.org\/{rel}","templated":true}]}}